[{"@context":"https:\/\/schema.org\/","@type":"Article","@id":"https:\/\/www.yettey.cz\/akrylatova-dvirka-pro-nejnarocnejsi-zakazniky\/#Article","mainEntityOfPage":"https:\/\/www.yettey.cz\/akrylatova-dvirka-pro-nejnarocnejsi-zakazniky\/","headline":"Akryl\u00e1tov\u00e1 dv\u00ed\u0159ka pro nejn\u00e1ro\u010dn\u011bj\u0161\u00ed z\u00e1kazn\u00edky.","name":"Akryl\u00e1tov\u00e1 dv\u00ed\u0159ka pro nejn\u00e1ro\u010dn\u011bj\u0161\u00ed z\u00e1kazn\u00edky.","description":"D\u00e1v\u00e1te p\u0159ednost netypick\u00fdm barv\u00e1m v interi\u00e9ru Va\u0161\u00ed nemovitosti? Nem\u016f\u017eete naj\u00edt firmu, kter\u00e1 by byla schopna nab\u00eddnout V\u00e1m kuchy\u0148sk\u00e1 nebo n\u00e1bytkov\u00e1 dv\u00ed\u0159ka ve stejn\u00fdch nebo podobn\u00fdch barevn\u00fdch t\u00f3nech? Pak se obra\u0165te na n\u00e1s. Dv\u00ed\u0159ka p\u0159edstavovala v\u016fbec prvn\u00ed zbo\u017e\u00ed, kter\u00e9 na\u0161e spole\u010dnost za\u010dala nab\u00edzet ji\u017e v roce 1997. Nyn\u00ed se jejich nab\u00eddka rozrostla a rozd\u011blila podle typu [&hellip;]","datePublished":"2025-04-19","dateModified":"2025-04-19","author":{"@type":"Person","@id":"https:\/\/www.yettey.cz\/author\/devene\/#Person","name":"devene","url":"https:\/\/www.yettey.cz\/author\/devene\/","identifier":1,"image":{"@type":"ImageObject","@id":"https:\/\/secure.gravatar.com\/avatar\/f7320ca526354d2794ceb75173050bfa147af8617816df401a16569341b5fbaf?s=96&d=mm&r=g","url":"https:\/\/secure.gravatar.com\/avatar\/f7320ca526354d2794ceb75173050bfa147af8617816df401a16569341b5fbaf?s=96&d=mm&r=g","height":96,"width":96}},"publisher":{"@type":"Organization","name":"yettey.cz","logo":{"@type":"ImageObject","@id":"\/logo.png","url":"\/logo.png","width":600,"height":60}},"url":"https:\/\/www.yettey.cz\/akrylatova-dvirka-pro-nejnarocnejsi-zakazniky\/","wordCount":180,"articleBody":"D\u00e1v\u00e1te p\u0159ednost netypick\u00fdm barv\u00e1m v interi\u00e9ru Va\u0161\u00ed nemovitosti? Nem\u016f\u017eete naj\u00edt firmu, kter\u00e1 by byla schopna nab\u00eddnout V\u00e1m kuchy\u0148sk\u00e1 nebo n\u00e1bytkov\u00e1 dv\u00ed\u0159ka ve stejn\u00fdch nebo podobn\u00fdch barevn\u00fdch t\u00f3nech? Pak se obra\u0165te na n\u00e1s. Dv\u00ed\u0159ka p\u0159edstavovala v\u016fbec prvn\u00ed zbo\u017e\u00ed, kter\u00e9 na\u0161e spole\u010dnost za\u010dala nab\u00edzet ji\u017e v roce 1997. Nyn\u00ed se jejich nab\u00eddka rozrostla a rozd\u011blila podle typu na foliovan\u00e1, lakovan\u00e1, akryl\u00e1tov\u00e1 a z masivu. V\u0161echny tyto typy vyr\u00e1b\u00edme ve velmi vysok\u00e9 kvalit\u011b. Dv\u00ed\u0159ka lakovan\u00e1 Lakovan\u00e1 dv\u00ed\u0159ka V\u00e1m na\u0161e spole\u010dnost nab\u00edz\u00ed v n\u011bkolika tis\u00edc\u00edch odst\u00edn\u016f! Krom\u011b odst\u00ednu si m\u016f\u017eete podle sv\u00fdch preferenc\u00ed zvolit i v\u00fdslednou \u00fapravu, tj. lesk nebo mat. Leskl\u00fd lak doporu\u010dujeme zejm\u00e9na do mal\u00fdch prostor, proto\u017ee dok\u00e1\u017ee opticky prostor zv\u011bt\u0161it, zat\u00edmco matn\u00e1 \u00faprava je vhodn\u011bj\u0161\u00ed sp\u00ed\u0161e pro v\u011bt\u0161\u00ed prostory, kter\u00fdm dod\u00e1 n\u00e1dech luxusu.                                                                                                                                                                                                                                                                                                                                                                                                "},{"@context":"https:\/\/schema.org\/","@type":"BreadcrumbList","itemListElement":[{"@type":"ListItem","position":1,"name":"Akryl\u00e1tov\u00e1 dv\u00ed\u0159ka pro nejn\u00e1ro\u010dn\u011bj\u0161\u00ed z\u00e1kazn\u00edky.","item":"https:\/\/www.yettey.cz\/akrylatova-dvirka-pro-nejnarocnejsi-zakazniky\/#breadcrumbitem"}]}]