[{"@context":"https:\/\/schema.org\/","@type":"Article","@id":"https:\/\/www.yettey.cz\/cetba-a-skola\/#Article","mainEntityOfPage":"https:\/\/www.yettey.cz\/cetba-a-skola\/","headline":"\u010cetba a \u0161kola","name":"\u010cetba a \u0161kola","description":"J\u00e1 pat\u0159\u00edm k t\u011bm lidem, kte\u0159\u00ed se moc r\u00e1di vzd\u011bl\u00e1vaj\u00ed a taky moc r\u00e1da \u010dtu knihy. Opravdu si nedok\u00e1\u017ei p\u0159edstavit, kdy\u017e mi t\u0159eba n\u011bkdo \u0159\u00edk\u00e1, \u017ee v\u016fbec nem\u00e1 r\u00e1d knihy, \u017ee jsou pr\u00fd zbyte\u010dn\u00e9. \u017de si\u00a0rad\u011bji\u00a0pust\u00ed\u00a0v televizi film,\u00a0ne\u017e\u00a0aby se zdr\u017eoval\u00a0\u010dten\u00edm\u00a0knih nebo \u010dasopis\u016f, nedejbo\u017ee u\u010debnic. Kolikr\u00e1t\u00a0se\u00a0t\u011bch lid\u00ed pt\u00e1m, pro\u010d takhle to maj\u00ed, kdy\u017e to t\u0159eba ani [&hellip;]","datePublished":"2023-01-27","dateModified":"2023-04-27","author":{"@type":"Person","@id":"https:\/\/www.yettey.cz\/author\/devene\/#Person","name":"devene","url":"https:\/\/www.yettey.cz\/author\/devene\/","identifier":1,"image":{"@type":"ImageObject","@id":"https:\/\/secure.gravatar.com\/avatar\/f7320ca526354d2794ceb75173050bfa147af8617816df401a16569341b5fbaf?s=96&d=mm&r=g","url":"https:\/\/secure.gravatar.com\/avatar\/f7320ca526354d2794ceb75173050bfa147af8617816df401a16569341b5fbaf?s=96&d=mm&r=g","height":96,"width":96}},"publisher":{"@type":"Organization","name":"yettey.cz","logo":{"@type":"ImageObject","@id":"\/logo.png","url":"\/logo.png","width":600,"height":60}},"image":{"@type":"ImageObject","@id":"https:\/\/www.yettey.cz\/wp-content\/uploads\/books-2596809_960_720_3.jpg","url":"https:\/\/www.yettey.cz\/wp-content\/uploads\/books-2596809_960_720_3.jpg","height":0,"width":0},"url":"https:\/\/www.yettey.cz\/cetba-a-skola\/","about":["Vzd\u011bl\u00e1n\u00ed"],"wordCount":452,"articleBody":"J\u00e1 pat\u0159\u00edm k t\u011bm lidem, kte\u0159\u00ed se moc r\u00e1di vzd\u011bl\u00e1vaj\u00ed a taky moc r\u00e1da \u010dtu knihy. Opravdu si nedok\u00e1\u017ei p\u0159edstavit, kdy\u017e mi t\u0159eba n\u011bkdo \u0159\u00edk\u00e1, \u017ee v\u016fbec nem\u00e1 r\u00e1d knihy, \u017ee jsou pr\u00fd zbyte\u010dn\u00e9. \u017de si\u00a0rad\u011bji\u00a0pust\u00ed\u00a0v televizi film,\u00a0ne\u017e\u00a0aby se zdr\u017eoval\u00a0\u010dten\u00edm\u00a0knih nebo \u010dasopis\u016f, nedejbo\u017ee u\u010debnic. Kolikr\u00e1t\u00a0se\u00a0t\u011bch lid\u00ed pt\u00e1m, pro\u010d takhle to maj\u00ed, kdy\u017e to t\u0159eba ani neznaj\u00ed nebo to nezkusili. A oni mi v\u017edycky \u0159eknou, \u017ee to ani zkou\u0161et nebudu. Pr\u00fd \u010d\u00edst knihy je nebav\u00ed. Proto\u017ee ur\u010dit\u011b v\u00ed, \u017ee je to bavit nebude. Mus\u00edm p\u0159iznat, \u017ee takov\u00e9 n\u00e1zory v\u016fbec nem\u00e1m r\u00e1da, proto\u017ee jak n\u011bkdo m\u016f\u017ee v\u011bd\u011bt, \u017ee ho to nebude bavit, kdy\u017e to ani v\u016fbec nezkus\u00ed?Podle m\u00e9ho n\u00e1zoru je to asi jenom n\u011bjak\u00e1 v\u00fdmluva, proto\u017ee j\u00e1 osobn\u011b nev\u00edm, co bych d\u011blala. A nev\u00edm, jak bych se tak chovala, kdyby mi n\u011bkdo \u0159ekl, \u017ee je n\u011bco zbyte\u010dn\u00e9, ani\u017e by \u010dlov\u011bk n\u011bco vyzkou\u0161el. Tak\u017ee jsem \u0159ekla sv\u00fdm rodi\u010d\u016fm, pro\u010d nap\u0159\u00edklad m\u016fj otec nerad \u010dte knihy. Moje m\u00e1ma mi \u0159ekla, \u017ee on to m\u00e1 po sv\u00e9m t\u00e1tovi, proto\u017ee oba dva se neradi vzd\u011bl\u00e1vaj\u00ed a neradi \u010dtou knihy. A tohle j\u00e1 sice\u00a0v\u00edm, \u017ee se otec nerad vyd\u011bl\u00e1v\u00e1, proto\u017ee m\u00e1 jenom v\u00fdu\u010dn\u00ed obor. No mus\u00edm \u0159\u00edct, \u017ee ten u\u010debn\u00ed obor ud\u011blal pr\u00fd jenom s od\u0159en\u00fdma u\u0161ima. Tohle mi vypr\u00e1v\u011bla m\u00e1ma.\u017de pr\u00fd t\u00e1ta nechodil moc ani do \u0161koly, proto\u017ee ho to nebavilo a cht\u011bl st\u00e1le jenom pracovat. Tak\u017ee jsem byla alespo\u0148 r\u00e1da, \u017ee otec m\u00e1 pr\u00e1ci a m\u00e1 ji r\u00e1d, proto\u017ee chce m\u00edt pen\u00edze, co\u017e ch\u00e1pu. Jenom\u017ee podle m\u00e9ho n\u00e1zoru je tak\u00e9 \u0161kola a vzd\u011bl\u00e1v\u00e1n\u00ed hodn\u011b d\u016fle\u017eit\u00e9, proto\u017ee kdy\u017e \u010dlov\u011bk toho hodn\u011b v\u00ed a zn\u00e1, tak m\u00e1 potom taky v\u011bt\u0161\u00ed rozhled, a to je podle m\u00e9ho n\u00e1zoru tak\u00e9 velice d\u016fle\u017eit\u00e9. A jak jste\u00a0na tom vy s \u010detbou knih nebo se vzd\u011bl\u00e1v\u00e1n\u00edm? J\u00e1 m\u00e1m syna,\u00a0kter\u00fd\u00a0mi s\u00e1m od sebe \u0159\u00edk\u00e1, \u017ee chce, abych mu \u010detla knihu, tak\u017ee\u00a0mysl\u00edm, \u017ee on bude jednou skv\u011bl\u00fd \u010dten\u00e1\u0159. Byla bych r\u00e1da, kdyby syna tak\u00e9 bavilo vzd\u011bl\u00e1v\u00e1n\u00ed se a tak\u00e9 \u0161kola.                                                                                                                                                                                                                                                                                                                                                                                        4.5\/5 - (13 votes)        "},{"@context":"https:\/\/schema.org\/","@type":"BreadcrumbList","itemListElement":[{"@type":"ListItem","position":1,"name":"\u010cetba a \u0161kola","item":"https:\/\/www.yettey.cz\/cetba-a-skola\/#breadcrumbitem"}]}]