{"@context":"https:\/\/schema.org\/","@type":"CollectionPage","@id":"https:\/\/www.yettey.cz\/deti\/#CollectionPage","headline":"D\u011bti Category","description":"","url":"https:\/\/www.yettey.cz\/deti\/","hasPart":[{"@type":"Article","@id":"https:\/\/www.yettey.cz\/nekdy-je-lepsi-deti-pri-hrani-nerusit\/","headline":"N\u011bkdy je lep\u0161\u00ed d\u011bti p\u0159i hran\u00ed neru\u0161it","url":"https:\/\/www.yettey.cz\/nekdy-je-lepsi-deti-pri-hrani-nerusit\/","datePublished":"2023-01-27","dateModified":"2023-04-25","mainEntityOfPage":"https:\/\/www.yettey.cz\/nekdy-je-lepsi-deti-pri-hrani-nerusit\/","author":{"@type":"Person","@id":"https:\/\/www.yettey.cz\/author\/devene\/#Person","name":"devene","url":"https:\/\/www.yettey.cz\/author\/devene\/","identifier":1,"image":{"@type":"ImageObject","@id":"https:\/\/secure.gravatar.com\/avatar\/f7320ca526354d2794ceb75173050bfa147af8617816df401a16569341b5fbaf?s=96&d=mm&r=g","url":"https:\/\/secure.gravatar.com\/avatar\/f7320ca526354d2794ceb75173050bfa147af8617816df401a16569341b5fbaf?s=96&d=mm&r=g","height":96,"width":96}},"publisher":{"@type":"Organization","name":"yettey.cz","logo":{"@type":"ImageObject","@id":"\/logo.png","url":"\/logo.png","width":600,"height":60}},"image":{"@type":"ImageObject","@id":"https:\/\/www.yettey.cz\/wp-content\/uploads\/hry_2.JPG","url":"https:\/\/www.yettey.cz\/wp-content\/uploads\/hry_2.JPG","height":0,"width":0},"keywords":null},{"@type":"Article","@id":"https:\/\/www.yettey.cz\/bubaci-a-strasaci\/","headline":"Bub\u00e1ci a stra\u0161\u00e1ci","url":"https:\/\/www.yettey.cz\/bubaci-a-strasaci\/","datePublished":"2022-12-10","dateModified":"2023-05-18","mainEntityOfPage":"https:\/\/www.yettey.cz\/bubaci-a-strasaci\/","author":{"@type":"Person","@id":"https:\/\/www.yettey.cz\/author\/devene\/#Person","name":"devene","url":"https:\/\/www.yettey.cz\/author\/devene\/","identifier":1,"image":{"@type":"ImageObject","@id":"https:\/\/secure.gravatar.com\/avatar\/f7320ca526354d2794ceb75173050bfa147af8617816df401a16569341b5fbaf?s=96&d=mm&r=g","url":"https:\/\/secure.gravatar.com\/avatar\/f7320ca526354d2794ceb75173050bfa147af8617816df401a16569341b5fbaf?s=96&d=mm&r=g","height":96,"width":96}},"publisher":{"@type":"Organization","name":"yettey.cz","logo":{"@type":"ImageObject","@id":"\/logo.png","url":"\/logo.png","width":600,"height":60}},"image":{"@type":"ImageObject","@id":"https:\/\/www.yettey.cz\/wp-content\/uploads\/1-1024x683_1.png","url":"https:\/\/www.yettey.cz\/wp-content\/uploads\/1-1024x683_1.png","height":0,"width":0},"keywords":null},{"@type":"Article","@id":"https:\/\/www.yettey.cz\/dite-a-rodice\/","headline":"D\u00edt\u011b a rodi\u010de","url":"https:\/\/www.yettey.cz\/dite-a-rodice\/","datePublished":"2022-11-18","dateModified":"2023-04-25","mainEntityOfPage":"https:\/\/www.yettey.cz\/dite-a-rodice\/","author":{"@type":"Person","@id":"https:\/\/www.yettey.cz\/author\/devene\/#Person","name":"devene","url":"https:\/\/www.yettey.cz\/author\/devene\/","identifier":1,"image":{"@type":"ImageObject","@id":"https:\/\/secure.gravatar.com\/avatar\/f7320ca526354d2794ceb75173050bfa147af8617816df401a16569341b5fbaf?s=96&d=mm&r=g","url":"https:\/\/secure.gravatar.com\/avatar\/f7320ca526354d2794ceb75173050bfa147af8617816df401a16569341b5fbaf?s=96&d=mm&r=g","height":96,"width":96}},"publisher":{"@type":"Organization","name":"yettey.cz","logo":{"@type":"ImageObject","@id":"\/logo.png","url":"\/logo.png","width":600,"height":60}},"image":{"@type":"ImageObject","@id":"https:\/\/www.yettey.cz\/wp-content\/uploads\/baby-2416718_960_720_2.jpg","url":"https:\/\/www.yettey.cz\/wp-content\/uploads\/baby-2416718_960_720_2.jpg","height":0,"width":0},"keywords":null}]}