[{"@context":"https:\/\/schema.org\/","@type":"Blog","@id":"https:\/\/www.yettey.cz#Blog","headline":"Yettey","description":"\nKdy\u017e se sna\u017e\u00edte nal\u00e9zt na internetu pomoc, mo\u017en\u00e1 byste m\u011bli s\u00e1zet na z\u00e1ruky, kter\u00e9 v\u00e1m jednotliv\u00e9 nab\u00eddky poskytuj\u00ed. A v tom p\u0159\u00edpad\u011b jsme jedni\u010dky.","url":"https:\/\/www.yettey.cz","hasPart":[{"@type":"Article","@id":"https:\/\/www.yettey.cz\/poradte-si-s-kazdym-dermatologickym-problemem\/","headline":"Pora\u010fte si s ka\u017ed\u00fdm dermatologick\u00fdm probl\u00e9mem","url":"https:\/\/www.yettey.cz\/poradte-si-s-kazdym-dermatologickym-problemem\/","datePublished":"2023-08-05","dateModified":"2023-08-05","mainEntityOfPage":"https:\/\/www.yettey.cz\/poradte-si-s-kazdym-dermatologickym-problemem\/","author":{"@type":"Person","@id":"https:\/\/www.yettey.cz\/author\/devene\/#Person","name":"devene","url":"https:\/\/www.yettey.cz\/author\/devene\/","identifier":1,"image":{"@type":"ImageObject","@id":"https:\/\/secure.gravatar.com\/avatar\/f7320ca526354d2794ceb75173050bfa147af8617816df401a16569341b5fbaf?s=96&d=mm&r=g","url":"https:\/\/secure.gravatar.com\/avatar\/f7320ca526354d2794ceb75173050bfa147af8617816df401a16569341b5fbaf?s=96&d=mm&r=g","height":96,"width":96}},"publisher":{"@type":"Organization","name":"yettey.cz","logo":{"@type":"ImageObject","@id":"\/logo.png","url":"\/logo.png","width":600,"height":60}},"image":null,"wordCount":264,"keywords":null},{"@type":"Article","@id":"https:\/\/www.yettey.cz\/muzou-byt-i-dulezitejsi-veci-nez-vzdelani\/","headline":"M\u016f\u017eou b\u00fdt i d\u016fle\u017eit\u011bj\u0161\u00ed v\u011bci ne\u017e vzd\u011bl\u00e1n\u00ed","url":"https:\/\/www.yettey.cz\/muzou-byt-i-dulezitejsi-veci-nez-vzdelani\/","datePublished":"2023-07-23","dateModified":"2024-04-23","mainEntityOfPage":"https:\/\/www.yettey.cz\/muzou-byt-i-dulezitejsi-veci-nez-vzdelani\/","author":{"@type":"Person","@id":"https:\/\/www.yettey.cz\/author\/devene\/#Person","name":"devene","url":"https:\/\/www.yettey.cz\/author\/devene\/","identifier":1,"image":{"@type":"ImageObject","@id":"https:\/\/secure.gravatar.com\/avatar\/f7320ca526354d2794ceb75173050bfa147af8617816df401a16569341b5fbaf?s=96&d=mm&r=g","url":"https:\/\/secure.gravatar.com\/avatar\/f7320ca526354d2794ceb75173050bfa147af8617816df401a16569341b5fbaf?s=96&d=mm&r=g","height":96,"width":96}},"publisher":{"@type":"Organization","name":"yettey.cz","logo":{"@type":"ImageObject","@id":"\/logo.png","url":"\/logo.png","width":600,"height":60}},"image":{"@type":"ImageObject","@id":"https:\/\/www.yettey.cz\/wp-content\/uploads\/istockphoto-1456192902-612x612_8.jpg","url":"https:\/\/www.yettey.cz\/wp-content\/uploads\/istockphoto-1456192902-612x612_8.jpg","height":0,"width":0},"wordCount":1053,"keywords":null},{"@type":"Article","@id":"https:\/\/www.yettey.cz\/ktere-typy-her-jsou-dnes-nejoblibenejsi\/","headline":"Kter\u00e9 typy her jsou dnes nejobl\u00edben\u011bj\u0161\u00ed","url":"https:\/\/www.yettey.cz\/ktere-typy-her-jsou-dnes-nejoblibenejsi\/","datePublished":"2023-07-23","dateModified":"2024-04-23","mainEntityOfPage":"https:\/\/www.yettey.cz\/ktere-typy-her-jsou-dnes-nejoblibenejsi\/","author":{"@type":"Person","@id":"https:\/\/www.yettey.cz\/author\/devene\/#Person","name":"devene","url":"https:\/\/www.yettey.cz\/author\/devene\/","identifier":1,"image":{"@type":"ImageObject","@id":"https:\/\/secure.gravatar.com\/avatar\/f7320ca526354d2794ceb75173050bfa147af8617816df401a16569341b5fbaf?s=96&d=mm&r=g","url":"https:\/\/secure.gravatar.com\/avatar\/f7320ca526354d2794ceb75173050bfa147af8617816df401a16569341b5fbaf?s=96&d=mm&r=g","height":96,"width":96}},"publisher":{"@type":"Organization","name":"yettey.cz","logo":{"@type":"ImageObject","@id":"\/logo.png","url":"\/logo.png","width":600,"height":60}},"image":{"@type":"ImageObject","@id":"https:\/\/www.yettey.cz\/wp-content\/uploads\/hra1_10_5.jpg","url":"https:\/\/www.yettey.cz\/wp-content\/uploads\/hra1_10_5.jpg","height":0,"width":0},"wordCount":925,"keywords":null},{"@type":"Article","@id":"https:\/\/www.yettey.cz\/luxus-pro-narocne\/","headline":"Luxus pro n\u00e1ro\u010dn\u00e9","url":"https:\/\/www.yettey.cz\/luxus-pro-narocne\/","datePublished":"2023-06-30","dateModified":"2024-07-03","mainEntityOfPage":"https:\/\/www.yettey.cz\/luxus-pro-narocne\/","author":{"@type":"Person","@id":"https:\/\/www.yettey.cz\/author\/devene\/#Person","name":"devene","url":"https:\/\/www.yettey.cz\/author\/devene\/","identifier":1,"image":{"@type":"ImageObject","@id":"https:\/\/secure.gravatar.com\/avatar\/f7320ca526354d2794ceb75173050bfa147af8617816df401a16569341b5fbaf?s=96&d=mm&r=g","url":"https:\/\/secure.gravatar.com\/avatar\/f7320ca526354d2794ceb75173050bfa147af8617816df401a16569341b5fbaf?s=96&d=mm&r=g","height":96,"width":96}},"publisher":{"@type":"Organization","name":"yettey.cz","logo":{"@type":"ImageObject","@id":"\/logo.png","url":"\/logo.png","width":600,"height":60}},"image":null,"wordCount":295,"keywords":null},{"@type":"Article","@id":"https:\/\/www.yettey.cz\/nas-bazen\/","headline":"N\u00e1\u0161 baz\u00e9n","url":"https:\/\/www.yettey.cz\/nas-bazen\/","datePublished":"2023-06-26","dateModified":"2023-07-26","mainEntityOfPage":"https:\/\/www.yettey.cz\/nas-bazen\/","author":{"@type":"Person","@id":"https:\/\/www.yettey.cz\/author\/devene\/#Person","name":"devene","url":"https:\/\/www.yettey.cz\/author\/devene\/","identifier":1,"image":{"@type":"ImageObject","@id":"https:\/\/secure.gravatar.com\/avatar\/f7320ca526354d2794ceb75173050bfa147af8617816df401a16569341b5fbaf?s=96&d=mm&r=g","url":"https:\/\/secure.gravatar.com\/avatar\/f7320ca526354d2794ceb75173050bfa147af8617816df401a16569341b5fbaf?s=96&d=mm&r=g","height":96,"width":96}},"publisher":{"@type":"Organization","name":"yettey.cz","logo":{"@type":"ImageObject","@id":"\/logo.png","url":"\/logo.png","width":600,"height":60}},"image":{"@type":"ImageObject","@id":"https:\/\/www.yettey.cz\/wp-content\/uploads\/summer-1719401_1280_2.jpg","url":"https:\/\/www.yettey.cz\/wp-content\/uploads\/summer-1719401_1280_2.jpg","height":0,"width":0},"wordCount":552,"keywords":null},{"@type":"Article","@id":"https:\/\/www.yettey.cz\/proc-se-muzi-divaji-zenam-na-nohy\/","headline":"Pro\u010d se mu\u017ei d\u00edvaj\u00ed \u017een\u00e1m na nohy","url":"https:\/\/www.yettey.cz\/proc-se-muzi-divaji-zenam-na-nohy\/","datePublished":"2023-06-21","dateModified":"2023-07-24","mainEntityOfPage":"https:\/\/www.yettey.cz\/proc-se-muzi-divaji-zenam-na-nohy\/","author":{"@type":"Person","@id":"https:\/\/www.yettey.cz\/author\/devene\/#Person","name":"devene","url":"https:\/\/www.yettey.cz\/author\/devene\/","identifier":1,"image":{"@type":"ImageObject","@id":"https:\/\/secure.gravatar.com\/avatar\/f7320ca526354d2794ceb75173050bfa147af8617816df401a16569341b5fbaf?s=96&d=mm&r=g","url":"https:\/\/secure.gravatar.com\/avatar\/f7320ca526354d2794ceb75173050bfa147af8617816df401a16569341b5fbaf?s=96&d=mm&r=g","height":96,"width":96}},"publisher":{"@type":"Organization","name":"yettey.cz","logo":{"@type":"ImageObject","@id":"\/logo.png","url":"\/logo.png","width":600,"height":60}},"image":{"@type":"ImageObject","@id":"https:\/\/www.yettey.cz\/wp-content\/uploads\/red-pumps-gb53d7b7ea_640.jpg","url":"https:\/\/www.yettey.cz\/wp-content\/uploads\/red-pumps-gb53d7b7ea_640.jpg","height":0,"width":0},"wordCount":504,"keywords":null},{"@type":"Article","@id":"https:\/\/www.yettey.cz\/3-duvody-proc-psani-poznamek-na-notebooku-neni-nic-pro-vas\/","headline":"3 d\u016fvody, pro\u010d psan\u00ed pozn\u00e1mek na notebooku nen\u00ed nic pro v\u00e1s","url":"https:\/\/www.yettey.cz\/3-duvody-proc-psani-poznamek-na-notebooku-neni-nic-pro-vas\/","datePublished":"2023-06-19","dateModified":"2023-07-19","mainEntityOfPage":"https:\/\/www.yettey.cz\/3-duvody-proc-psani-poznamek-na-notebooku-neni-nic-pro-vas\/","author":{"@type":"Person","@id":"https:\/\/www.yettey.cz\/author\/devene\/#Person","name":"devene","url":"https:\/\/www.yettey.cz\/author\/devene\/","identifier":1,"image":{"@type":"ImageObject","@id":"https:\/\/secure.gravatar.com\/avatar\/f7320ca526354d2794ceb75173050bfa147af8617816df401a16569341b5fbaf?s=96&d=mm&r=g","url":"https:\/\/secure.gravatar.com\/avatar\/f7320ca526354d2794ceb75173050bfa147af8617816df401a16569341b5fbaf?s=96&d=mm&r=g","height":96,"width":96}},"publisher":{"@type":"Organization","name":"yettey.cz","logo":{"@type":"ImageObject","@id":"\/logo.png","url":"\/logo.png","width":600,"height":60}},"image":{"@type":"ImageObject","@id":"https:\/\/www.yettey.cz\/wp-content\/uploads\/printer-790396_1280_3.jpg","url":"https:\/\/www.yettey.cz\/wp-content\/uploads\/printer-790396_1280_3.jpg","height":0,"width":0},"wordCount":579,"keywords":null},{"@type":"Article","@id":"https:\/\/www.yettey.cz\/bydleni-pro-vsechny\/","headline":"Bydlen\u00ed  pro v\u0161echny","url":"https:\/\/www.yettey.cz\/bydleni-pro-vsechny\/","datePublished":"2023-05-29","dateModified":"2023-06-29","mainEntityOfPage":"https:\/\/www.yettey.cz\/bydleni-pro-vsechny\/","author":{"@type":"Person","@id":"https:\/\/www.yettey.cz\/author\/devene\/#Person","name":"devene","url":"https:\/\/www.yettey.cz\/author\/devene\/","identifier":1,"image":{"@type":"ImageObject","@id":"https:\/\/secure.gravatar.com\/avatar\/f7320ca526354d2794ceb75173050bfa147af8617816df401a16569341b5fbaf?s=96&d=mm&r=g","url":"https:\/\/secure.gravatar.com\/avatar\/f7320ca526354d2794ceb75173050bfa147af8617816df401a16569341b5fbaf?s=96&d=mm&r=g","height":96,"width":96}},"publisher":{"@type":"Organization","name":"yettey.cz","logo":{"@type":"ImageObject","@id":"\/logo.png","url":"\/logo.png","width":600,"height":60}},"image":{"@type":"ImageObject","@id":"https:\/\/www.yettey.cz\/wp-content\/uploads\/wallet-2125548_1280_1.jpg","url":"https:\/\/www.yettey.cz\/wp-content\/uploads\/wallet-2125548_1280_1.jpg","height":0,"width":0},"wordCount":524,"keywords":null},{"@type":"Article","@id":"https:\/\/www.yettey.cz\/co-casto-chybi-v-lekarnicce-a-pritom-se-to-temer-vzdy-hodi\/","headline":"Co \u010dasto chyb\u00ed v l\u00e9k\u00e1rni\u010dce a p\u0159itom se to t\u00e9m\u011b\u0159 v\u017edy hod\u00ed","url":"https:\/\/www.yettey.cz\/co-casto-chybi-v-lekarnicce-a-pritom-se-to-temer-vzdy-hodi\/","datePublished":"2023-05-27","dateModified":"2023-06-27","mainEntityOfPage":"https:\/\/www.yettey.cz\/co-casto-chybi-v-lekarnicce-a-pritom-se-to-temer-vzdy-hodi\/","author":{"@type":"Person","@id":"https:\/\/www.yettey.cz\/author\/devene\/#Person","name":"devene","url":"https:\/\/www.yettey.cz\/author\/devene\/","identifier":1,"image":{"@type":"ImageObject","@id":"https:\/\/secure.gravatar.com\/avatar\/f7320ca526354d2794ceb75173050bfa147af8617816df401a16569341b5fbaf?s=96&d=mm&r=g","url":"https:\/\/secure.gravatar.com\/avatar\/f7320ca526354d2794ceb75173050bfa147af8617816df401a16569341b5fbaf?s=96&d=mm&r=g","height":96,"width":96}},"publisher":{"@type":"Organization","name":"yettey.cz","logo":{"@type":"ImageObject","@id":"\/logo.png","url":"\/logo.png","width":600,"height":60}},"image":{"@type":"ImageObject","@id":"https:\/\/www.yettey.cz\/wp-content\/uploads\/pexels-photo-5125690.jpeg","url":"https:\/\/www.yettey.cz\/wp-content\/uploads\/pexels-photo-5125690.jpeg","height":0,"width":0},"wordCount":599,"keywords":null},{"@type":"Article","@id":"https:\/\/www.yettey.cz\/panske-modni-doplnky\/","headline":"P\u00e1nsk\u00e9 m\u00f3dn\u00ed dopl\u0148ky","url":"https:\/\/www.yettey.cz\/panske-modni-doplnky\/","datePublished":"2023-05-23","dateModified":"2023-06-23","mainEntityOfPage":"https:\/\/www.yettey.cz\/panske-modni-doplnky\/","author":{"@type":"Person","@id":"https:\/\/www.yettey.cz\/author\/devene\/#Person","name":"devene","url":"https:\/\/www.yettey.cz\/author\/devene\/","identifier":1,"image":{"@type":"ImageObject","@id":"https:\/\/secure.gravatar.com\/avatar\/f7320ca526354d2794ceb75173050bfa147af8617816df401a16569341b5fbaf?s=96&d=mm&r=g","url":"https:\/\/secure.gravatar.com\/avatar\/f7320ca526354d2794ceb75173050bfa147af8617816df401a16569341b5fbaf?s=96&d=mm&r=g","height":96,"width":96}},"publisher":{"@type":"Organization","name":"yettey.cz","logo":{"@type":"ImageObject","@id":"\/logo.png","url":"\/logo.png","width":600,"height":60}},"image":{"@type":"ImageObject","@id":"https:\/\/www.yettey.cz\/wp-content\/uploads\/jonathan-francisca-PBuBtVWV9Mg-unsplash.jpg","url":"https:\/\/www.yettey.cz\/wp-content\/uploads\/jonathan-francisca-PBuBtVWV9Mg-unsplash.jpg","height":0,"width":0},"wordCount":560,"keywords":null}]},{"@context":"https:\/\/schema.org","@type":"WebSite","@id":"https:\/\/www.yettey.cz\/#website","name":"Yettey","url":"https:\/\/www.yettey.cz","potentialAction":{"@type":"SearchAction","target":"https:\/\/www.yettey.cz\/?s={search_term_string}","query-input":"required name=search_term_string"}}]