[{"@context":"https:\/\/schema.org\/","@type":"Blog","@id":"https:\/\/www.yettey.cz#Blog","headline":"Yettey","description":"\nKdy\u017e se sna\u017e\u00edte nal\u00e9zt na internetu pomoc, mo\u017en\u00e1 byste m\u011bli s\u00e1zet na z\u00e1ruky, kter\u00e9 v\u00e1m jednotliv\u00e9 nab\u00eddky poskytuj\u00ed. A v tom p\u0159\u00edpad\u011b jsme jedni\u010dky.","url":"https:\/\/www.yettey.cz","hasPart":[{"@type":"Article","@id":"https:\/\/www.yettey.cz\/hry-pro-vsechny\/","headline":"Hry pro v\u0161echny","url":"https:\/\/www.yettey.cz\/hry-pro-vsechny\/","datePublished":"2023-01-10","dateModified":"2023-05-18","mainEntityOfPage":"https:\/\/www.yettey.cz\/hry-pro-vsechny\/","author":{"@type":"Person","@id":"https:\/\/www.yettey.cz\/author\/devene\/#Person","name":"devene","url":"https:\/\/www.yettey.cz\/author\/devene\/","identifier":1,"image":{"@type":"ImageObject","@id":"https:\/\/secure.gravatar.com\/avatar\/f7320ca526354d2794ceb75173050bfa147af8617816df401a16569341b5fbaf?s=96&d=mm&r=g","url":"https:\/\/secure.gravatar.com\/avatar\/f7320ca526354d2794ceb75173050bfa147af8617816df401a16569341b5fbaf?s=96&d=mm&r=g","height":96,"width":96}},"publisher":{"@type":"Organization","name":"yettey.cz","logo":{"@type":"ImageObject","@id":"\/logo.png","url":"\/logo.png","width":600,"height":60}},"image":{"@type":"ImageObject","@id":"https:\/\/www.yettey.cz\/wp-content\/uploads\/lask_10_10_1.JPG","url":"https:\/\/www.yettey.cz\/wp-content\/uploads\/lask_10_10_1.JPG","height":0,"width":0},"wordCount":559,"keywords":null},{"@type":"Article","@id":"https:\/\/www.yettey.cz\/zmente-smer-kterym-se-divate\/","headline":"Zm\u011b\u0148te sm\u011br, kter\u00fdm se d\u00edv\u00e1te","url":"https:\/\/www.yettey.cz\/zmente-smer-kterym-se-divate\/","datePublished":"2023-01-05","dateModified":"2023-06-05","mainEntityOfPage":"https:\/\/www.yettey.cz\/zmente-smer-kterym-se-divate\/","author":{"@type":"Person","@id":"https:\/\/www.yettey.cz\/author\/devene\/#Person","name":"devene","url":"https:\/\/www.yettey.cz\/author\/devene\/","identifier":1,"image":{"@type":"ImageObject","@id":"https:\/\/secure.gravatar.com\/avatar\/f7320ca526354d2794ceb75173050bfa147af8617816df401a16569341b5fbaf?s=96&d=mm&r=g","url":"https:\/\/secure.gravatar.com\/avatar\/f7320ca526354d2794ceb75173050bfa147af8617816df401a16569341b5fbaf?s=96&d=mm&r=g","height":96,"width":96}},"publisher":{"@type":"Organization","name":"yettey.cz","logo":{"@type":"ImageObject","@id":"\/logo.png","url":"\/logo.png","width":600,"height":60}},"image":{"@type":"ImageObject","@id":"https:\/\/www.yettey.cz\/wp-content\/uploads\/thai-ginseng-1164568_640_4.jpg","url":"https:\/\/www.yettey.cz\/wp-content\/uploads\/thai-ginseng-1164568_640_4.jpg","height":0,"width":0},"wordCount":571,"keywords":null},{"@type":"Article","@id":"https:\/\/www.yettey.cz\/vzdy-zabavne\/","headline":"V\u017edy z\u00e1bavn\u011b","url":"https:\/\/www.yettey.cz\/vzdy-zabavne\/","datePublished":"2023-01-01","dateModified":"2023-06-01","mainEntityOfPage":"https:\/\/www.yettey.cz\/vzdy-zabavne\/","author":{"@type":"Person","@id":"https:\/\/www.yettey.cz\/author\/devene\/#Person","name":"devene","url":"https:\/\/www.yettey.cz\/author\/devene\/","identifier":1,"image":{"@type":"ImageObject","@id":"https:\/\/secure.gravatar.com\/avatar\/f7320ca526354d2794ceb75173050bfa147af8617816df401a16569341b5fbaf?s=96&d=mm&r=g","url":"https:\/\/secure.gravatar.com\/avatar\/f7320ca526354d2794ceb75173050bfa147af8617816df401a16569341b5fbaf?s=96&d=mm&r=g","height":96,"width":96}},"publisher":{"@type":"Organization","name":"yettey.cz","logo":{"@type":"ImageObject","@id":"\/logo.png","url":"\/logo.png","width":600,"height":60}},"image":{"@type":"ImageObject","@id":"https:\/\/www.yettey.cz\/wp-content\/uploads\/father-656734_640_3.jpg","url":"https:\/\/www.yettey.cz\/wp-content\/uploads\/father-656734_640_3.jpg","height":0,"width":0},"wordCount":548,"keywords":null},{"@type":"Article","@id":"https:\/\/www.yettey.cz\/pronajem-osobnich-aut-pro-cerstve-absolventy-ridicskeho-opravneni\/","headline":"Pron\u00e1jem osobn\u00edch aut pro \u010derstv\u00e9 absolventy \u0159idi\u010dsk\u00e9ho opr\u00e1vn\u011bn\u00ed","url":"https:\/\/www.yettey.cz\/pronajem-osobnich-aut-pro-cerstve-absolventy-ridicskeho-opravneni\/","datePublished":"2022-12-23","dateModified":"2023-04-25","mainEntityOfPage":"https:\/\/www.yettey.cz\/pronajem-osobnich-aut-pro-cerstve-absolventy-ridicskeho-opravneni\/","author":{"@type":"Person","@id":"https:\/\/www.yettey.cz\/author\/devene\/#Person","name":"devene","url":"https:\/\/www.yettey.cz\/author\/devene\/","identifier":1,"image":{"@type":"ImageObject","@id":"https:\/\/secure.gravatar.com\/avatar\/f7320ca526354d2794ceb75173050bfa147af8617816df401a16569341b5fbaf?s=96&d=mm&r=g","url":"https:\/\/secure.gravatar.com\/avatar\/f7320ca526354d2794ceb75173050bfa147af8617816df401a16569341b5fbaf?s=96&d=mm&r=g","height":96,"width":96}},"publisher":{"@type":"Organization","name":"yettey.cz","logo":{"@type":"ImageObject","@id":"\/logo.png","url":"\/logo.png","width":600,"height":60}},"image":{"@type":"ImageObject","@id":"https:\/\/www.yettey.cz\/wp-content\/uploads\/vintage-1950s-g3753333bd_640_1.jpg","url":"https:\/\/www.yettey.cz\/wp-content\/uploads\/vintage-1950s-g3753333bd_640_1.jpg","height":0,"width":0},"wordCount":575,"keywords":null},{"@type":"Article","@id":"https:\/\/www.yettey.cz\/bubaci-a-strasaci\/","headline":"Bub\u00e1ci a stra\u0161\u00e1ci","url":"https:\/\/www.yettey.cz\/bubaci-a-strasaci\/","datePublished":"2022-12-10","dateModified":"2023-05-18","mainEntityOfPage":"https:\/\/www.yettey.cz\/bubaci-a-strasaci\/","author":{"@type":"Person","@id":"https:\/\/www.yettey.cz\/author\/devene\/#Person","name":"devene","url":"https:\/\/www.yettey.cz\/author\/devene\/","identifier":1,"image":{"@type":"ImageObject","@id":"https:\/\/secure.gravatar.com\/avatar\/f7320ca526354d2794ceb75173050bfa147af8617816df401a16569341b5fbaf?s=96&d=mm&r=g","url":"https:\/\/secure.gravatar.com\/avatar\/f7320ca526354d2794ceb75173050bfa147af8617816df401a16569341b5fbaf?s=96&d=mm&r=g","height":96,"width":96}},"publisher":{"@type":"Organization","name":"yettey.cz","logo":{"@type":"ImageObject","@id":"\/logo.png","url":"\/logo.png","width":600,"height":60}},"image":{"@type":"ImageObject","@id":"https:\/\/www.yettey.cz\/wp-content\/uploads\/1-1024x683_1.png","url":"https:\/\/www.yettey.cz\/wp-content\/uploads\/1-1024x683_1.png","height":0,"width":0},"wordCount":504,"keywords":null},{"@type":"Article","@id":"https:\/\/www.yettey.cz\/stari-mayove\/","headline":"Sta\u0159\u00ed Mayov\u00e9","url":"https:\/\/www.yettey.cz\/stari-mayove\/","datePublished":"2022-11-28","dateModified":"2023-09-28","mainEntityOfPage":"https:\/\/www.yettey.cz\/stari-mayove\/","author":{"@type":"Person","@id":"https:\/\/www.yettey.cz\/author\/devene\/#Person","name":"devene","url":"https:\/\/www.yettey.cz\/author\/devene\/","identifier":1,"image":{"@type":"ImageObject","@id":"https:\/\/secure.gravatar.com\/avatar\/f7320ca526354d2794ceb75173050bfa147af8617816df401a16569341b5fbaf?s=96&d=mm&r=g","url":"https:\/\/secure.gravatar.com\/avatar\/f7320ca526354d2794ceb75173050bfa147af8617816df401a16569341b5fbaf?s=96&d=mm&r=g","height":96,"width":96}},"publisher":{"@type":"Organization","name":"yettey.cz","logo":{"@type":"ImageObject","@id":"\/logo.png","url":"\/logo.png","width":600,"height":60}},"image":{"@type":"ImageObject","@id":"https:\/\/www.yettey.cz\/wp-content\/uploads\/mexico-6267204_1280.jpg","url":"https:\/\/www.yettey.cz\/wp-content\/uploads\/mexico-6267204_1280.jpg","height":0,"width":0},"wordCount":772,"keywords":null},{"@type":"Article","@id":"https:\/\/www.yettey.cz\/vzdelani-je-zcela-jine-u-nas-a-v-zahranici\/","headline":"Vzd\u011bl\u00e1n\u00ed je zcela jin\u00e9 u n\u00e1s a v zahrani\u010d\u00ed","url":"https:\/\/www.yettey.cz\/vzdelani-je-zcela-jine-u-nas-a-v-zahranici\/","datePublished":"2022-11-27","dateModified":"2023-07-27","mainEntityOfPage":"https:\/\/www.yettey.cz\/vzdelani-je-zcela-jine-u-nas-a-v-zahranici\/","author":{"@type":"Person","@id":"https:\/\/www.yettey.cz\/author\/devene\/#Person","name":"devene","url":"https:\/\/www.yettey.cz\/author\/devene\/","identifier":1,"image":{"@type":"ImageObject","@id":"https:\/\/secure.gravatar.com\/avatar\/f7320ca526354d2794ceb75173050bfa147af8617816df401a16569341b5fbaf?s=96&d=mm&r=g","url":"https:\/\/secure.gravatar.com\/avatar\/f7320ca526354d2794ceb75173050bfa147af8617816df401a16569341b5fbaf?s=96&d=mm&r=g","height":96,"width":96}},"publisher":{"@type":"Organization","name":"yettey.cz","logo":{"@type":"ImageObject","@id":"\/logo.png","url":"\/logo.png","width":600,"height":60}},"image":{"@type":"ImageObject","@id":"https:\/\/www.yettey.cz\/wp-content\/uploads\/vzd%C4%9B_7.JPG","url":"https:\/\/www.yettey.cz\/wp-content\/uploads\/vzd%C4%9B_7.JPG","height":0,"width":0},"wordCount":558,"keywords":null},{"@type":"Article","@id":"https:\/\/www.yettey.cz\/sidla-pro-firmy-spolky-a-nadace\/","headline":"S\u00eddla pro firmy, spolky a nadace","url":"https:\/\/www.yettey.cz\/sidla-pro-firmy-spolky-a-nadace\/","datePublished":"2022-11-21","dateModified":"2022-11-21","mainEntityOfPage":"https:\/\/www.yettey.cz\/sidla-pro-firmy-spolky-a-nadace\/","author":{"@type":"Person","@id":"https:\/\/www.yettey.cz\/author\/devene\/#Person","name":"devene","url":"https:\/\/www.yettey.cz\/author\/devene\/","identifier":1,"image":{"@type":"ImageObject","@id":"https:\/\/secure.gravatar.com\/avatar\/f7320ca526354d2794ceb75173050bfa147af8617816df401a16569341b5fbaf?s=96&d=mm&r=g","url":"https:\/\/secure.gravatar.com\/avatar\/f7320ca526354d2794ceb75173050bfa147af8617816df401a16569341b5fbaf?s=96&d=mm&r=g","height":96,"width":96}},"publisher":{"@type":"Organization","name":"yettey.cz","logo":{"@type":"ImageObject","@id":"\/logo.png","url":"\/logo.png","width":600,"height":60}},"image":{"@type":"ImageObject","@id":"https:\/\/www.yettey.cz\/wp-content\/uploads\/kancel%C3%A1%C5%99%201.jpg","url":"https:\/\/www.yettey.cz\/wp-content\/uploads\/kancel%C3%A1%C5%99%201.jpg","height":0,"width":0},"wordCount":603,"keywords":null},{"@type":"Article","@id":"https:\/\/www.yettey.cz\/zdravy-zivotni-styl\/","headline":"Zdrav\u00fd \u017eivotn\u00ed styl","url":"https:\/\/www.yettey.cz\/zdravy-zivotni-styl\/","datePublished":"2022-11-20","dateModified":"2022-11-20","mainEntityOfPage":"https:\/\/www.yettey.cz\/zdravy-zivotni-styl\/","author":{"@type":"Person","@id":"https:\/\/www.yettey.cz\/author\/devene\/#Person","name":"devene","url":"https:\/\/www.yettey.cz\/author\/devene\/","identifier":1,"image":{"@type":"ImageObject","@id":"https:\/\/secure.gravatar.com\/avatar\/f7320ca526354d2794ceb75173050bfa147af8617816df401a16569341b5fbaf?s=96&d=mm&r=g","url":"https:\/\/secure.gravatar.com\/avatar\/f7320ca526354d2794ceb75173050bfa147af8617816df401a16569341b5fbaf?s=96&d=mm&r=g","height":96,"width":96}},"publisher":{"@type":"Organization","name":"yettey.cz","logo":{"@type":"ImageObject","@id":"\/logo.png","url":"\/logo.png","width":600,"height":60}},"image":{"@type":"ImageObject","@id":"https:\/\/www.yettey.cz\/wp-content\/uploads\/slimming-2728331_960_720.jpg","url":"https:\/\/www.yettey.cz\/wp-content\/uploads\/slimming-2728331_960_720.jpg","height":0,"width":0},"wordCount":530,"keywords":null},{"@type":"Article","@id":"https:\/\/www.yettey.cz\/dite-a-rodice\/","headline":"D\u00edt\u011b a rodi\u010de","url":"https:\/\/www.yettey.cz\/dite-a-rodice\/","datePublished":"2022-11-18","dateModified":"2023-04-25","mainEntityOfPage":"https:\/\/www.yettey.cz\/dite-a-rodice\/","author":{"@type":"Person","@id":"https:\/\/www.yettey.cz\/author\/devene\/#Person","name":"devene","url":"https:\/\/www.yettey.cz\/author\/devene\/","identifier":1,"image":{"@type":"ImageObject","@id":"https:\/\/secure.gravatar.com\/avatar\/f7320ca526354d2794ceb75173050bfa147af8617816df401a16569341b5fbaf?s=96&d=mm&r=g","url":"https:\/\/secure.gravatar.com\/avatar\/f7320ca526354d2794ceb75173050bfa147af8617816df401a16569341b5fbaf?s=96&d=mm&r=g","height":96,"width":96}},"publisher":{"@type":"Organization","name":"yettey.cz","logo":{"@type":"ImageObject","@id":"\/logo.png","url":"\/logo.png","width":600,"height":60}},"image":{"@type":"ImageObject","@id":"https:\/\/www.yettey.cz\/wp-content\/uploads\/baby-2416718_960_720_2.jpg","url":"https:\/\/www.yettey.cz\/wp-content\/uploads\/baby-2416718_960_720_2.jpg","height":0,"width":0},"wordCount":526,"keywords":null}]},{"@context":"https:\/\/schema.org","@type":"WebSite","@id":"https:\/\/www.yettey.cz\/#website","name":"Yettey","url":"https:\/\/www.yettey.cz","potentialAction":{"@type":"SearchAction","target":"https:\/\/www.yettey.cz\/?s={search_term_string}","query-input":"required name=search_term_string"}}]