[{"@context":"https:\/\/schema.org\/","@type":"Blog","@id":"https:\/\/www.yettey.cz#Blog","headline":"Yettey","description":"\nKdy\u017e se sna\u017e\u00edte nal\u00e9zt na internetu pomoc, mo\u017en\u00e1 byste m\u011bli s\u00e1zet na z\u00e1ruky, kter\u00e9 v\u00e1m jednotliv\u00e9 nab\u00eddky poskytuj\u00ed. A v tom p\u0159\u00edpad\u011b jsme jedni\u010dky.","url":"https:\/\/www.yettey.cz","hasPart":[{"@type":"Article","@id":"https:\/\/www.yettey.cz\/vyuzijte-super-ceny\/","headline":"Vyu\u017eijte super ceny","url":"https:\/\/www.yettey.cz\/vyuzijte-super-ceny\/","datePublished":"2024-11-20","dateModified":"2024-11-20","mainEntityOfPage":"https:\/\/www.yettey.cz\/vyuzijte-super-ceny\/","author":{"@type":"Person","@id":"https:\/\/www.yettey.cz\/author\/devene\/#Person","name":"devene","url":"https:\/\/www.yettey.cz\/author\/devene\/","identifier":1,"image":{"@type":"ImageObject","@id":"https:\/\/secure.gravatar.com\/avatar\/f7320ca526354d2794ceb75173050bfa147af8617816df401a16569341b5fbaf?s=96&d=mm&r=g","url":"https:\/\/secure.gravatar.com\/avatar\/f7320ca526354d2794ceb75173050bfa147af8617816df401a16569341b5fbaf?s=96&d=mm&r=g","height":96,"width":96}},"publisher":{"@type":"Organization","name":"yettey.cz","logo":{"@type":"ImageObject","@id":"\/logo.png","url":"\/logo.png","width":600,"height":60}},"image":null,"wordCount":220,"keywords":null},{"@type":"Article","@id":"https:\/\/www.yettey.cz\/aby-to-v-svj-fungovalo\/","headline":"Aby to v SVJ fungovalo","url":"https:\/\/www.yettey.cz\/aby-to-v-svj-fungovalo\/","datePublished":"2024-11-19","dateModified":"2024-11-19","mainEntityOfPage":"https:\/\/www.yettey.cz\/aby-to-v-svj-fungovalo\/","author":{"@type":"Person","@id":"https:\/\/www.yettey.cz\/author\/devene\/#Person","name":"devene","url":"https:\/\/www.yettey.cz\/author\/devene\/","identifier":1,"image":{"@type":"ImageObject","@id":"https:\/\/secure.gravatar.com\/avatar\/f7320ca526354d2794ceb75173050bfa147af8617816df401a16569341b5fbaf?s=96&d=mm&r=g","url":"https:\/\/secure.gravatar.com\/avatar\/f7320ca526354d2794ceb75173050bfa147af8617816df401a16569341b5fbaf?s=96&d=mm&r=g","height":96,"width":96}},"publisher":{"@type":"Organization","name":"yettey.cz","logo":{"@type":"ImageObject","@id":"\/logo.png","url":"\/logo.png","width":600,"height":60}},"image":{"@type":"ImageObject","@id":"https:\/\/www.yettey.cz\/wp-content\/uploads\/dd_10_10_10_8.jpg","url":"https:\/\/www.yettey.cz\/wp-content\/uploads\/dd_10_10_10_8.jpg","height":0,"width":0},"wordCount":617,"keywords":null},{"@type":"Article","@id":"https:\/\/www.yettey.cz\/vyznejte-se-v-zenach\/","headline":"Vyznejte se v \u017een\u00e1ch","url":"https:\/\/www.yettey.cz\/vyznejte-se-v-zenach\/","datePublished":"2024-11-13","dateModified":"2024-11-13","mainEntityOfPage":"https:\/\/www.yettey.cz\/vyznejte-se-v-zenach\/","author":{"@type":"Person","@id":"https:\/\/www.yettey.cz\/author\/devene\/#Person","name":"devene","url":"https:\/\/www.yettey.cz\/author\/devene\/","identifier":1,"image":{"@type":"ImageObject","@id":"https:\/\/secure.gravatar.com\/avatar\/f7320ca526354d2794ceb75173050bfa147af8617816df401a16569341b5fbaf?s=96&d=mm&r=g","url":"https:\/\/secure.gravatar.com\/avatar\/f7320ca526354d2794ceb75173050bfa147af8617816df401a16569341b5fbaf?s=96&d=mm&r=g","height":96,"width":96}},"publisher":{"@type":"Organization","name":"yettey.cz","logo":{"@type":"ImageObject","@id":"\/logo.png","url":"\/logo.png","width":600,"height":60}},"image":null,"wordCount":222,"keywords":null},{"@type":"Article","@id":"https:\/\/www.yettey.cz\/budujeme-nove-podkrovi-s-podlahovym-topenim\/","headline":"Budujeme nov\u00e9 podkrov\u00ed s podlahov\u00fdm topen\u00edm","url":"https:\/\/www.yettey.cz\/budujeme-nove-podkrovi-s-podlahovym-topenim\/","datePublished":"2024-11-10","dateModified":"2024-11-10","mainEntityOfPage":"https:\/\/www.yettey.cz\/budujeme-nove-podkrovi-s-podlahovym-topenim\/","author":{"@type":"Person","@id":"https:\/\/www.yettey.cz\/author\/devene\/#Person","name":"devene","url":"https:\/\/www.yettey.cz\/author\/devene\/","identifier":1,"image":{"@type":"ImageObject","@id":"https:\/\/secure.gravatar.com\/avatar\/f7320ca526354d2794ceb75173050bfa147af8617816df401a16569341b5fbaf?s=96&d=mm&r=g","url":"https:\/\/secure.gravatar.com\/avatar\/f7320ca526354d2794ceb75173050bfa147af8617816df401a16569341b5fbaf?s=96&d=mm&r=g","height":96,"width":96}},"publisher":{"@type":"Organization","name":"yettey.cz","logo":{"@type":"ImageObject","@id":"\/logo.png","url":"\/logo.png","width":600,"height":60}},"image":{"@type":"ImageObject","@id":"https:\/\/www.yettey.cz\/wp-content\/uploads\/pexels-nuta-sorokina-8514313_2.jpg","url":"https:\/\/www.yettey.cz\/wp-content\/uploads\/pexels-nuta-sorokina-8514313_2.jpg","height":0,"width":0},"wordCount":596,"keywords":null},{"@type":"Article","@id":"https:\/\/www.yettey.cz\/bez-penez-nam-neni-dobre\/","headline":"Bez pen\u011bz n\u00e1m nen\u00ed dob\u0159e","url":"https:\/\/www.yettey.cz\/bez-penez-nam-neni-dobre\/","datePublished":"2024-11-09","dateModified":"2024-11-09","mainEntityOfPage":"https:\/\/www.yettey.cz\/bez-penez-nam-neni-dobre\/","author":{"@type":"Person","@id":"https:\/\/www.yettey.cz\/author\/devene\/#Person","name":"devene","url":"https:\/\/www.yettey.cz\/author\/devene\/","identifier":1,"image":{"@type":"ImageObject","@id":"https:\/\/secure.gravatar.com\/avatar\/f7320ca526354d2794ceb75173050bfa147af8617816df401a16569341b5fbaf?s=96&d=mm&r=g","url":"https:\/\/secure.gravatar.com\/avatar\/f7320ca526354d2794ceb75173050bfa147af8617816df401a16569341b5fbaf?s=96&d=mm&r=g","height":96,"width":96}},"publisher":{"@type":"Organization","name":"yettey.cz","logo":{"@type":"ImageObject","@id":"\/logo.png","url":"\/logo.png","width":600,"height":60}},"image":{"@type":"ImageObject","@id":"https:\/\/www.yettey.cz\/wp-content\/uploads\/pppppppppppppppppppppppppppppppppppppp_10.jpg","url":"https:\/\/www.yettey.cz\/wp-content\/uploads\/pppppppppppppppppppppppppppppppppppppp_10.jpg","height":0,"width":0},"wordCount":632,"keywords":null},{"@type":"Article","@id":"https:\/\/www.yettey.cz\/blizi-se-vanoce-doba-nepracovni\/","headline":"Bl\u00ed\u017e\u00ed se V\u00e1noce, doba nepracovn\u00ed","url":"https:\/\/www.yettey.cz\/blizi-se-vanoce-doba-nepracovni\/","datePublished":"2024-11-04","dateModified":"2024-11-04","mainEntityOfPage":"https:\/\/www.yettey.cz\/blizi-se-vanoce-doba-nepracovni\/","author":{"@type":"Person","@id":"https:\/\/www.yettey.cz\/author\/devene\/#Person","name":"devene","url":"https:\/\/www.yettey.cz\/author\/devene\/","identifier":1,"image":{"@type":"ImageObject","@id":"https:\/\/secure.gravatar.com\/avatar\/f7320ca526354d2794ceb75173050bfa147af8617816df401a16569341b5fbaf?s=96&d=mm&r=g","url":"https:\/\/secure.gravatar.com\/avatar\/f7320ca526354d2794ceb75173050bfa147af8617816df401a16569341b5fbaf?s=96&d=mm&r=g","height":96,"width":96}},"publisher":{"@type":"Organization","name":"yettey.cz","logo":{"@type":"ImageObject","@id":"\/logo.png","url":"\/logo.png","width":600,"height":60}},"image":null,"wordCount":306,"keywords":null},{"@type":"Article","@id":"https:\/\/www.yettey.cz\/naklady-na-zivot\/","headline":"N\u00e1klady na \u017eivot","url":"https:\/\/www.yettey.cz\/naklady-na-zivot\/","datePublished":"2024-10-27","dateModified":"2024-10-27","mainEntityOfPage":"https:\/\/www.yettey.cz\/naklady-na-zivot\/","author":{"@type":"Person","@id":"https:\/\/www.yettey.cz\/author\/devene\/#Person","name":"devene","url":"https:\/\/www.yettey.cz\/author\/devene\/","identifier":1,"image":{"@type":"ImageObject","@id":"https:\/\/secure.gravatar.com\/avatar\/f7320ca526354d2794ceb75173050bfa147af8617816df401a16569341b5fbaf?s=96&d=mm&r=g","url":"https:\/\/secure.gravatar.com\/avatar\/f7320ca526354d2794ceb75173050bfa147af8617816df401a16569341b5fbaf?s=96&d=mm&r=g","height":96,"width":96}},"publisher":{"@type":"Organization","name":"yettey.cz","logo":{"@type":"ImageObject","@id":"\/logo.png","url":"\/logo.png","width":600,"height":60}},"image":null,"wordCount":315,"keywords":null},{"@type":"Article","@id":"https:\/\/www.yettey.cz\/co-vsechno-se-da-pripravit-z-kavy-arabica\/","headline":"Co v\u0161echno se d\u00e1 p\u0159ipravit z k\u00e1vy arabica?","url":"https:\/\/www.yettey.cz\/co-vsechno-se-da-pripravit-z-kavy-arabica\/","datePublished":"2024-10-22","dateModified":"2024-10-22","mainEntityOfPage":"https:\/\/www.yettey.cz\/co-vsechno-se-da-pripravit-z-kavy-arabica\/","author":{"@type":"Person","@id":"https:\/\/www.yettey.cz\/author\/devene\/#Person","name":"devene","url":"https:\/\/www.yettey.cz\/author\/devene\/","identifier":1,"image":{"@type":"ImageObject","@id":"https:\/\/secure.gravatar.com\/avatar\/f7320ca526354d2794ceb75173050bfa147af8617816df401a16569341b5fbaf?s=96&d=mm&r=g","url":"https:\/\/secure.gravatar.com\/avatar\/f7320ca526354d2794ceb75173050bfa147af8617816df401a16569341b5fbaf?s=96&d=mm&r=g","height":96,"width":96}},"publisher":{"@type":"Organization","name":"yettey.cz","logo":{"@type":"ImageObject","@id":"\/logo.png","url":"\/logo.png","width":600,"height":60}},"image":{"@type":"ImageObject","@id":"https:\/\/www.yettey.cz\/wp-content\/uploads\/adi-goldstein-xKS-1DP4g7A-unsplash.jpg","url":"https:\/\/www.yettey.cz\/wp-content\/uploads\/adi-goldstein-xKS-1DP4g7A-unsplash.jpg","height":0,"width":0},"wordCount":811,"keywords":null},{"@type":"Article","@id":"https:\/\/www.yettey.cz\/krasne-misto-ktere-vas-nadchne\/","headline":"Kr\u00e1sn\u00e9 m\u00edsto, kter\u00e9 v\u00e1s nadchne","url":"https:\/\/www.yettey.cz\/krasne-misto-ktere-vas-nadchne\/","datePublished":"2024-10-22","dateModified":"2024-10-22","mainEntityOfPage":"https:\/\/www.yettey.cz\/krasne-misto-ktere-vas-nadchne\/","author":{"@type":"Person","@id":"https:\/\/www.yettey.cz\/author\/devene\/#Person","name":"devene","url":"https:\/\/www.yettey.cz\/author\/devene\/","identifier":1,"image":{"@type":"ImageObject","@id":"https:\/\/secure.gravatar.com\/avatar\/f7320ca526354d2794ceb75173050bfa147af8617816df401a16569341b5fbaf?s=96&d=mm&r=g","url":"https:\/\/secure.gravatar.com\/avatar\/f7320ca526354d2794ceb75173050bfa147af8617816df401a16569341b5fbaf?s=96&d=mm&r=g","height":96,"width":96}},"publisher":{"@type":"Organization","name":"yettey.cz","logo":{"@type":"ImageObject","@id":"\/logo.png","url":"\/logo.png","width":600,"height":60}},"image":null,"wordCount":290,"keywords":null},{"@type":"Article","@id":"https:\/\/www.yettey.cz\/jak-ucelne-bojovat-proti-stresu-klasickou-hudbou\/","headline":"Jak \u00fa\u010deln\u011b bojovat proti stresu klasickou hudbou","url":"https:\/\/www.yettey.cz\/jak-ucelne-bojovat-proti-stresu-klasickou-hudbou\/","datePublished":"2024-10-18","dateModified":"2024-10-18","mainEntityOfPage":"https:\/\/www.yettey.cz\/jak-ucelne-bojovat-proti-stresu-klasickou-hudbou\/","author":{"@type":"Person","@id":"https:\/\/www.yettey.cz\/author\/devene\/#Person","name":"devene","url":"https:\/\/www.yettey.cz\/author\/devene\/","identifier":1,"image":{"@type":"ImageObject","@id":"https:\/\/secure.gravatar.com\/avatar\/f7320ca526354d2794ceb75173050bfa147af8617816df401a16569341b5fbaf?s=96&d=mm&r=g","url":"https:\/\/secure.gravatar.com\/avatar\/f7320ca526354d2794ceb75173050bfa147af8617816df401a16569341b5fbaf?s=96&d=mm&r=g","height":96,"width":96}},"publisher":{"@type":"Organization","name":"yettey.cz","logo":{"@type":"ImageObject","@id":"\/logo.png","url":"\/logo.png","width":600,"height":60}},"image":{"@type":"ImageObject","@id":"https:\/\/www.yettey.cz\/wp-content\/uploads\/violin-3621677_640.jpg","url":"https:\/\/www.yettey.cz\/wp-content\/uploads\/violin-3621677_640.jpg","height":0,"width":0},"wordCount":593,"keywords":null}]},{"@context":"https:\/\/schema.org","@type":"WebSite","@id":"https:\/\/www.yettey.cz\/#website","name":"Yettey","url":"https:\/\/www.yettey.cz","potentialAction":{"@type":"SearchAction","target":"https:\/\/www.yettey.cz\/?s={search_term_string}","query-input":"required name=search_term_string"}}]