{"@context":"https:\/\/schema.org\/","@type":"CollectionPage","@id":"https:\/\/www.yettey.cz\/spolecnosti\/#CollectionPage","headline":"Spole\u010dnosti Category","description":"","url":"https:\/\/www.yettey.cz\/spolecnosti\/","hasPart":[{"@type":"Article","@id":"https:\/\/www.yettey.cz\/spolecnost-s-rucenim-omezenym-pro-kazdeho\/","headline":"Spole\u010dnost s ru\u010den\u00edm omezen\u00fdm pro ka\u017ed\u00e9ho","url":"https:\/\/www.yettey.cz\/spolecnost-s-rucenim-omezenym-pro-kazdeho\/","datePublished":"2023-09-30","dateModified":"2023-10-31","mainEntityOfPage":"https:\/\/www.yettey.cz\/spolecnost-s-rucenim-omezenym-pro-kazdeho\/","author":{"@type":"Person","@id":"https:\/\/www.yettey.cz\/author\/devene\/#Person","name":"devene","url":"https:\/\/www.yettey.cz\/author\/devene\/","identifier":1,"image":{"@type":"ImageObject","@id":"https:\/\/secure.gravatar.com\/avatar\/f7320ca526354d2794ceb75173050bfa147af8617816df401a16569341b5fbaf?s=96&d=mm&r=g","url":"https:\/\/secure.gravatar.com\/avatar\/f7320ca526354d2794ceb75173050bfa147af8617816df401a16569341b5fbaf?s=96&d=mm&r=g","height":96,"width":96}},"publisher":{"@type":"Organization","name":"yettey.cz","logo":{"@type":"ImageObject","@id":"\/logo.png","url":"\/logo.png","width":600,"height":60}},"image":{"@type":"ImageObject","@id":"https:\/\/www.yettey.cz\/wp-content\/uploads\/zalo%C5%BEen%C3%AD%20firmy_1.jpg","url":"https:\/\/www.yettey.cz\/wp-content\/uploads\/zalo%C5%BEen%C3%AD%20firmy_1.jpg","height":0,"width":0},"keywords":null},{"@type":"Article","@id":"https:\/\/www.yettey.cz\/co-casto-chybi-v-lekarnicce-a-pritom-se-to-temer-vzdy-hodi\/","headline":"Co \u010dasto chyb\u00ed v l\u00e9k\u00e1rni\u010dce a p\u0159itom se to t\u00e9m\u011b\u0159 v\u017edy hod\u00ed","url":"https:\/\/www.yettey.cz\/co-casto-chybi-v-lekarnicce-a-pritom-se-to-temer-vzdy-hodi\/","datePublished":"2023-05-27","dateModified":"2023-06-27","mainEntityOfPage":"https:\/\/www.yettey.cz\/co-casto-chybi-v-lekarnicce-a-pritom-se-to-temer-vzdy-hodi\/","author":{"@type":"Person","@id":"https:\/\/www.yettey.cz\/author\/devene\/#Person","name":"devene","url":"https:\/\/www.yettey.cz\/author\/devene\/","identifier":1,"image":{"@type":"ImageObject","@id":"https:\/\/secure.gravatar.com\/avatar\/f7320ca526354d2794ceb75173050bfa147af8617816df401a16569341b5fbaf?s=96&d=mm&r=g","url":"https:\/\/secure.gravatar.com\/avatar\/f7320ca526354d2794ceb75173050bfa147af8617816df401a16569341b5fbaf?s=96&d=mm&r=g","height":96,"width":96}},"publisher":{"@type":"Organization","name":"yettey.cz","logo":{"@type":"ImageObject","@id":"\/logo.png","url":"\/logo.png","width":600,"height":60}},"image":{"@type":"ImageObject","@id":"https:\/\/www.yettey.cz\/wp-content\/uploads\/pexels-photo-5125690.jpeg","url":"https:\/\/www.yettey.cz\/wp-content\/uploads\/pexels-photo-5125690.jpeg","height":0,"width":0},"keywords":null},{"@type":"Article","@id":"https:\/\/www.yettey.cz\/s-cim-se-elektrikar-potyka-v-ramci-revize\/","headline":"S \u010d\u00edm se elektrik\u00e1\u0159 pot\u00fdk\u00e1 v r\u00e1mci revize","url":"https:\/\/www.yettey.cz\/s-cim-se-elektrikar-potyka-v-ramci-revize\/","datePublished":"2023-05-19","dateModified":"2023-06-19","mainEntityOfPage":"https:\/\/www.yettey.cz\/s-cim-se-elektrikar-potyka-v-ramci-revize\/","author":{"@type":"Person","@id":"https:\/\/www.yettey.cz\/author\/devene\/#Person","name":"devene","url":"https:\/\/www.yettey.cz\/author\/devene\/","identifier":1,"image":{"@type":"ImageObject","@id":"https:\/\/secure.gravatar.com\/avatar\/f7320ca526354d2794ceb75173050bfa147af8617816df401a16569341b5fbaf?s=96&d=mm&r=g","url":"https:\/\/secure.gravatar.com\/avatar\/f7320ca526354d2794ceb75173050bfa147af8617816df401a16569341b5fbaf?s=96&d=mm&r=g","height":96,"width":96}},"publisher":{"@type":"Organization","name":"yettey.cz","logo":{"@type":"ImageObject","@id":"\/logo.png","url":"\/logo.png","width":600,"height":60}},"image":{"@type":"ImageObject","@id":"https:\/\/www.yettey.cz\/wp-content\/uploads\/elena-rouame-9JU2CKqtw0M-unsplash.jpg","url":"https:\/\/www.yettey.cz\/wp-content\/uploads\/elena-rouame-9JU2CKqtw0M-unsplash.jpg","height":0,"width":0},"keywords":null},{"@type":"Article","@id":"https:\/\/www.yettey.cz\/rychlost-preciznost-a-hlavne-cistota\/","headline":"Rychlost, preciznost a hlavn\u011b \u010distota.","url":"https:\/\/www.yettey.cz\/rychlost-preciznost-a-hlavne-cistota\/","datePublished":"2023-05-16","dateModified":"2023-06-16","mainEntityOfPage":"https:\/\/www.yettey.cz\/rychlost-preciznost-a-hlavne-cistota\/","author":{"@type":"Person","@id":"https:\/\/www.yettey.cz\/author\/devene\/#Person","name":"devene","url":"https:\/\/www.yettey.cz\/author\/devene\/","identifier":1,"image":{"@type":"ImageObject","@id":"https:\/\/secure.gravatar.com\/avatar\/f7320ca526354d2794ceb75173050bfa147af8617816df401a16569341b5fbaf?s=96&d=mm&r=g","url":"https:\/\/secure.gravatar.com\/avatar\/f7320ca526354d2794ceb75173050bfa147af8617816df401a16569341b5fbaf?s=96&d=mm&r=g","height":96,"width":96}},"publisher":{"@type":"Organization","name":"yettey.cz","logo":{"@type":"ImageObject","@id":"\/logo.png","url":"\/logo.png","width":600,"height":60}},"image":{"@type":"ImageObject","@id":"https:\/\/www.yettey.cz\/wp-content\/uploads\/sponge-2541251_1280.jpg","url":"https:\/\/www.yettey.cz\/wp-content\/uploads\/sponge-2541251_1280.jpg","height":0,"width":0},"keywords":null},{"@type":"Article","@id":"https:\/\/www.yettey.cz\/vyuzijte-uniku-vody-ke-svemu-prospechu\/","headline":"Vyu\u017eijte \u00faniku vody ke sv\u00e9mu prosp\u011bchu","url":"https:\/\/www.yettey.cz\/vyuzijte-uniku-vody-ke-svemu-prospechu\/","datePublished":"2023-05-03","dateModified":"2023-07-24","mainEntityOfPage":"https:\/\/www.yettey.cz\/vyuzijte-uniku-vody-ke-svemu-prospechu\/","author":{"@type":"Person","@id":"https:\/\/www.yettey.cz\/author\/devene\/#Person","name":"devene","url":"https:\/\/www.yettey.cz\/author\/devene\/","identifier":1,"image":{"@type":"ImageObject","@id":"https:\/\/secure.gravatar.com\/avatar\/f7320ca526354d2794ceb75173050bfa147af8617816df401a16569341b5fbaf?s=96&d=mm&r=g","url":"https:\/\/secure.gravatar.com\/avatar\/f7320ca526354d2794ceb75173050bfa147af8617816df401a16569341b5fbaf?s=96&d=mm&r=g","height":96,"width":96}},"publisher":{"@type":"Organization","name":"yettey.cz","logo":{"@type":"ImageObject","@id":"\/logo.png","url":"\/logo.png","width":600,"height":60}},"image":{"@type":"ImageObject","@id":"https:\/\/www.yettey.cz\/wp-content\/uploads\/tap-7624846_640_1.jpg","url":"https:\/\/www.yettey.cz\/wp-content\/uploads\/tap-7624846_640_1.jpg","height":0,"width":0},"keywords":null},{"@type":"Article","@id":"https:\/\/www.yettey.cz\/byty-v-brne\/","headline":"Byty v Brn\u011b","url":"https:\/\/www.yettey.cz\/byty-v-brne\/","datePublished":"2023-04-29","dateModified":"2023-05-31","mainEntityOfPage":"https:\/\/www.yettey.cz\/byty-v-brne\/","author":{"@type":"Person","@id":"https:\/\/www.yettey.cz\/author\/devene\/#Person","name":"devene","url":"https:\/\/www.yettey.cz\/author\/devene\/","identifier":1,"image":{"@type":"ImageObject","@id":"https:\/\/secure.gravatar.com\/avatar\/f7320ca526354d2794ceb75173050bfa147af8617816df401a16569341b5fbaf?s=96&d=mm&r=g","url":"https:\/\/secure.gravatar.com\/avatar\/f7320ca526354d2794ceb75173050bfa147af8617816df401a16569341b5fbaf?s=96&d=mm&r=g","height":96,"width":96}},"publisher":{"@type":"Organization","name":"yettey.cz","logo":{"@type":"ImageObject","@id":"\/logo.png","url":"\/logo.png","width":600,"height":60}},"image":{"@type":"ImageObject","@id":"https:\/\/www.yettey.cz\/wp-content\/uploads\/pexels-photo-4506243_1.jpeg","url":"https:\/\/www.yettey.cz\/wp-content\/uploads\/pexels-photo-4506243_1.jpeg","height":0,"width":0},"keywords":null},{"@type":"Article","@id":"https:\/\/www.yettey.cz\/jak-na-reklamu\/","headline":"Jak na reklamu","url":"https:\/\/www.yettey.cz\/jak-na-reklamu\/","datePublished":"2023-04-28","dateModified":"2023-05-03","mainEntityOfPage":"https:\/\/www.yettey.cz\/jak-na-reklamu\/","author":{"@type":"Person","@id":"https:\/\/www.yettey.cz\/author\/devene\/#Person","name":"devene","url":"https:\/\/www.yettey.cz\/author\/devene\/","identifier":1,"image":{"@type":"ImageObject","@id":"https:\/\/secure.gravatar.com\/avatar\/f7320ca526354d2794ceb75173050bfa147af8617816df401a16569341b5fbaf?s=96&d=mm&r=g","url":"https:\/\/secure.gravatar.com\/avatar\/f7320ca526354d2794ceb75173050bfa147af8617816df401a16569341b5fbaf?s=96&d=mm&r=g","height":96,"width":96}},"publisher":{"@type":"Organization","name":"yettey.cz","logo":{"@type":"ImageObject","@id":"\/logo.png","url":"\/logo.png","width":600,"height":60}},"image":{"@type":"ImageObject","@id":"https:\/\/www.yettey.cz\/wp-content\/uploads\/tiktok-5409103_960_720.jpg","url":"https:\/\/www.yettey.cz\/wp-content\/uploads\/tiktok-5409103_960_720.jpg","height":0,"width":0},"keywords":null},{"@type":"Article","@id":"https:\/\/www.yettey.cz\/proc-koupit-damske-sandaly-prave-na-about-you\/","headline":"Pro\u010d koupit d\u00e1msk\u00e9 sand\u00e1ly pr\u00e1v\u011b na About You","url":"https:\/\/www.yettey.cz\/proc-koupit-damske-sandaly-prave-na-about-you\/","datePublished":"2023-04-05","dateModified":"2023-06-13","mainEntityOfPage":"https:\/\/www.yettey.cz\/proc-koupit-damske-sandaly-prave-na-about-you\/","author":{"@type":"Person","@id":"https:\/\/www.yettey.cz\/author\/devene\/#Person","name":"devene","url":"https:\/\/www.yettey.cz\/author\/devene\/","identifier":1,"image":{"@type":"ImageObject","@id":"https:\/\/secure.gravatar.com\/avatar\/f7320ca526354d2794ceb75173050bfa147af8617816df401a16569341b5fbaf?s=96&d=mm&r=g","url":"https:\/\/secure.gravatar.com\/avatar\/f7320ca526354d2794ceb75173050bfa147af8617816df401a16569341b5fbaf?s=96&d=mm&r=g","height":96,"width":96}},"publisher":{"@type":"Organization","name":"yettey.cz","logo":{"@type":"ImageObject","@id":"\/logo.png","url":"\/logo.png","width":600,"height":60}},"image":{"@type":"ImageObject","@id":"https:\/\/www.yettey.cz\/wp-content\/uploads\/womens-accessories-5227850_640.jpg","url":"https:\/\/www.yettey.cz\/wp-content\/uploads\/womens-accessories-5227850_640.jpg","height":0,"width":0},"keywords":null},{"@type":"Article","@id":"https:\/\/www.yettey.cz\/kam-se-klika\/","headline":"Kam se klik\u00e1","url":"https:\/\/www.yettey.cz\/kam-se-klika\/","datePublished":"2023-03-30","dateModified":"2023-04-25","mainEntityOfPage":"https:\/\/www.yettey.cz\/kam-se-klika\/","author":{"@type":"Person","@id":"https:\/\/www.yettey.cz\/author\/devene\/#Person","name":"devene","url":"https:\/\/www.yettey.cz\/author\/devene\/","identifier":1,"image":{"@type":"ImageObject","@id":"https:\/\/secure.gravatar.com\/avatar\/f7320ca526354d2794ceb75173050bfa147af8617816df401a16569341b5fbaf?s=96&d=mm&r=g","url":"https:\/\/secure.gravatar.com\/avatar\/f7320ca526354d2794ceb75173050bfa147af8617816df401a16569341b5fbaf?s=96&d=mm&r=g","height":96,"width":96}},"publisher":{"@type":"Organization","name":"yettey.cz","logo":{"@type":"ImageObject","@id":"\/logo.png","url":"\/logo.png","width":600,"height":60}},"image":{"@type":"ImageObject","@id":"https:\/\/www.yettey.cz\/wp-content\/uploads\/google-gdd86ee613_640.png","url":"https:\/\/www.yettey.cz\/wp-content\/uploads\/google-gdd86ee613_640.png","height":0,"width":0},"keywords":null},{"@type":"Article","@id":"https:\/\/www.yettey.cz\/vycistime-i-vas-pozemek\/","headline":"Vy\u010dist\u00edme i v\u00e1\u0161 pozemek","url":"https:\/\/www.yettey.cz\/vycistime-i-vas-pozemek\/","datePublished":"2023-03-17","dateModified":"2023-04-25","mainEntityOfPage":"https:\/\/www.yettey.cz\/vycistime-i-vas-pozemek\/","author":{"@type":"Person","@id":"https:\/\/www.yettey.cz\/author\/devene\/#Person","name":"devene","url":"https:\/\/www.yettey.cz\/author\/devene\/","identifier":1,"image":{"@type":"ImageObject","@id":"https:\/\/secure.gravatar.com\/avatar\/f7320ca526354d2794ceb75173050bfa147af8617816df401a16569341b5fbaf?s=96&d=mm&r=g","url":"https:\/\/secure.gravatar.com\/avatar\/f7320ca526354d2794ceb75173050bfa147af8617816df401a16569341b5fbaf?s=96&d=mm&r=g","height":96,"width":96}},"publisher":{"@type":"Organization","name":"yettey.cz","logo":{"@type":"ImageObject","@id":"\/logo.png","url":"\/logo.png","width":600,"height":60}},"image":{"@type":"ImageObject","@id":"https:\/\/www.yettey.cz\/wp-content\/uploads\/lawn-care-643556_640_10_2.jpg","url":"https:\/\/www.yettey.cz\/wp-content\/uploads\/lawn-care-643556_640_10_2.jpg","height":0,"width":0},"keywords":null}]}